{"id":6834,"date":"2025-04-09T17:06:30","date_gmt":"2025-04-09T15:06:30","guid":{"rendered":"https:\/\/sailrivercafe.com\/de\/?p=6834"},"modified":"2025-05-03T07:58:54","modified_gmt":"2025-05-03T05:58:54","slug":"five-years-at-the-rivercafe","status":"publish","type":"post","link":"https:\/\/sailrivercafe.com\/de\/five-years-at-the-rivercafe\/","title":{"rendered":"Season 5"},"content":{"rendered":"<h1>F\u00fcnf Jahre auf der Rivercafe<\/h1>\n<p>Es klingt wie die 5. Staffel einer Netflix Serie. Die werden auch nur verl\u00e4ngert, wenn es interessant war. Bisher war es f\u00fcr uns sehr interessant und scheinbar auch ok f\u00fcr unsere 30.000 Leser, also gibt\u2019s eine Verl\u00e4ngerung. <span style=\"color: #ffffff;\">F\u00fcnf Jahre auf der Rivercafe<br \/>\n<\/span><span style=\"font-size: 16px; -webkit-text-size-adjust: 100%;\">Dies war unser zweiter Winter in Europa und ich finde es immer noch verst\u00f6rend, dass es im Mittelmeer 5 kalte und teilweise auch st\u00fcrmische Monate im Jahr gibt. Sogar in S\u00fcdeuropa. 12 Grad zu Luft und 16 Grad zu Wasser sind viel zu kalt f\u00fcr uns Weicheier. In der Nordsee w\u00e4re unsere Segelkarriere sicher nur sehr kurz geworden. So bleiben uns nur w\u00e4rmende Gedanken an die ganzj\u00e4hrig angenehme Karibik und den Sommer im Mittelmeer.<\/span><\/p>\n<h2>Leidende Amerikanische Freunde<\/h2>\n<p>Viele unserer Freunde sind US-Amerikaner und einige segeln gerade in der Karibik und den Bahamas. Leider konnten wir \u00fcber den Winter keine der netten Einladungen \u201er\u00fcberzukommen\u201c annehmen. Aber wir hatten viel damit zu tun Trost zu spenden, denn bis auf eine Ausnahme, sch\u00e4men sich alle unserer amerikanischen Freunde in Grund und Boden f\u00fcr die gegenw\u00e4rtig irre US-Freakshow. Verst\u00e4ndlich, denn wer auf der Welt w\u00e4hlt sonst einen kriminellen Psychopathen, eine Gestalt von epischer Dummheit und Sch\u00e4bigkeit, die eiligst in die Klapse sollte. Tats\u00e4chlich denken einige \u00fcber das Auswandern nach Europa nach. <span style=\"color: #ffffff;\">F\u00fcnf Jahre auf der Rivercafe<\/span><\/p>\n<h2>In der Winterpause<\/h2>\n<p>Aber zur\u00fcck zum Thema. 5 Monate lag die Rivercafe in dem kleinen Hafen von Agia Pelagia auf der gr\u00f6\u00dften Insel im Ionischen Meer, in Kefalonia. Vor den Winterst\u00fcrmen mit extra Fendern gesch\u00fctzt und bewacht und gepflegt von Sharif und Dionyssios. <span style=\"color: #ffffff;\">F\u00fcnf Jahre auf der Rivercafe<\/span><\/p>\n<p>Im Winter ist das sympathische Kefalonia eine sehr tote Insel. Ich wei\u00df, dass ist grammatikalischer Unsinn, denn \u201etot\u201c hat als absolutes Adjektiv keinen Superlativ. Die Formulierung beschreibt aber treffend, dass es vermutlich niemand bemerken w\u00fcrde, wenn zwischen November und April Au\u00dferirdische auf der Insel landen w\u00fcrden. Kefalonia ist ein idealer Ort f\u00fcr Kontemplation \u2013 falls man im Winter eine \u00dcbernachtungsm\u00f6glichkeit findet. Anders als in Spanien oder Florida, gibt es so gut wie keine \u201eSnowbirds\u201c, die \u00dcberwinterer aus den Norden. Die Locals sind unter sich und die Mietwagen kosten pro Tag 11 statt 75 Euro, wie in den Sommermonaten.<\/p>\n<p>Den gr\u00f6\u00dften Teil der Winterpause verbrachten Ka und ich 1.800 km entfernt in Spanien. Um diese Zeit des Jahres ist die Anreise vom westlichen ins \u00f6stliche Mittelmeer auf eine griechische Insel m\u00fchsam. Dreimal umsteigen und 30 Stunden Reise ist der aktuelle Kurs um diese Jahreszeit.<\/p>\n<h2><img loading=\"lazy\" decoding=\"async\" class=\"alignnone size-full wp-image-6845\" src=\"https:\/\/sailrivercafe.com\/wp-content\/uploads\/2025\/04\/lonly-rivercafe.jpg\" alt=\"\" width=\"500\" height=\"375\" \/> <img loading=\"lazy\" decoding=\"async\" class=\"alignnone size-full wp-image-6846\" src=\"https:\/\/sailrivercafe.com\/wp-content\/uploads\/2025\/04\/spring-ocean.jpg\" alt=\"\" width=\"500\" height=\"375\" \/> <img loading=\"lazy\" decoding=\"async\" class=\"alignnone size-full wp-image-6847\" src=\"https:\/\/sailrivercafe.com\/wp-content\/uploads\/2025\/04\/temple.jpg\" alt=\"\" width=\"500\" height=\"375\" \/><\/h2>\n<h2>Nach der Winterpause<\/h2>\n<p>Wir wissen immer ziemlich genau was auf der Rivercafe passiert, denn unsere Systeme sind online einsehbar. Dennoch bin ich die Tage vor dem boarding nerv\u00f6s. Ein Schiff ist kein Auto, dass man l\u00e4nger parken kann. Die Zeit, das Wetter und das Meer nagen an einem Schiff noch heftiger als an einem Menschen. Es braucht immer Zeit zu pr\u00fcfen, ob alle Maschinen, Systeme und alles zum Segeln Notwenige richtig l\u00e4uft. Deshalb ist es weise, ein paar Pflegetage vor einer Abreise einzuplanen und erst mal keinen Besuch an Bord zu haben. <span style=\"color: #ffffff;\">F\u00fcnf Jahre auf der Rivercafe<\/span><\/p>\n<p>Nach einer langen Anreise und einer Stunde f\u00fcr die erste Inspektion hellte sich meine Laune auf, die Rivercafe war im besten Zustand. Ein Teil der Sprayhood am Steuerstand wurde vom Sturm zerrissen und einige Fender vernichtet. Das Antifouling hat gut funktioniert und der Rumpf war nicht stark bewachsen. Alle Maschinen liefen, Rigg und Segel waren fein und segelklar. Die Winterschadensliste war \u00fcberschaubar.<\/p>\n<p>Den kleinen Hafen von Kefalonia teilten wir uns mit unseren kanadisch\/franz\u00f6sischen Freunden Hilde und Ren\u00e9, die mittlerweile auf dem Weg nach Italien sind. Ansonsten stehen nur Fischerboote und ein paar andere Schiffe an Land. Unsere Sozialkontakte sind durch Mangel an Menschen sehr \u00fcberschaubar. Das Wetter ist noch weit weg von dem, was bei Gedanken an griechisches Wetter in den Sinn kommt. Der Wind knattert herzhaft und 10 Grad nachts und 16 Grad tags\u00fcber machen das Bordleben sehr frisch.<\/p>\n<p>So happy wir mit dem Winterliegeplatz waren, so frugal ist die Segelinfrastruktur auf Kefalonia. Es gibt keinen ordentlichen Yachtausstatter und wir m\u00fcssen alles bei SVB in Bremen bestellen und liefern lassen. 10 Tage sind Lieferungen mindestens unterwegs. Auch bei den Handwerkern, braucht es jeden lokalen Kontakt. Um unsere Sprayhood zu reparieren, musste Dionyssios tagelang Handwerker suchen und letztlich sollte die Reparatur nochmals 10 Tage dauern. <span style=\"color: #ffffff;\">F\u00fcnf Jahre auf der Rivercafe<\/span><\/p>\n<p><img loading=\"lazy\" decoding=\"async\" class=\"alignnone size-full wp-image-6850\" src=\"https:\/\/sailrivercafe.com\/wp-content\/uploads\/2025\/04\/fishing-boat.jpg\" alt=\"\" width=\"281\" height=\"375\" \/> <img loading=\"lazy\" decoding=\"async\" class=\"alignnone size-medium wp-image-6849\" src=\"https:\/\/sailrivercafe.com\/wp-content\/uploads\/2025\/04\/flowers-on-board.jpg\" alt=\"\" width=\"281\" height=\"375\" \/> <img loading=\"lazy\" decoding=\"async\" class=\"alignnone size-full wp-image-6848\" src=\"https:\/\/sailrivercafe.com\/wp-content\/uploads\/2025\/04\/flowers.jpg\" alt=\"\" width=\"281\" height=\"375\" \/><\/p>\n<h2>Vor der Saison<\/h2>\n<p>Unser Plan war es, relativ schnell loszusegeln. Nun haben wir keine Wahl, denn auf unserem geplanten Weg der n\u00e4chsten Monate, wird es noch weniger bis gar keinen technischen Support geben. Also bleibt nur ein geduldiges Ausatmen und alles mit Geduld hinzunehmen. Unglaublich das dieser Satz von mir stammt.<\/p>\n<p>Aber gerade, als wir uns mit der unfreiwilligen Verl\u00e4ngerung arrangiert hatten, bekam ich die Nachricht, dass ich nochmal nach Luxembourg fliegen muss. Meine Schwester ist unerwartet und viel zu fr\u00fch verstorben. Die besten Pl\u00e4ne halten nur bis zum Kontakt mit der Realit\u00e4t.<\/p>\n<p>Und dennoch, wir haben einen Plan f\u00fcr die Saison, die vermutlich erst nach Ostern beginnen kann. Das orthodoxe (Griechenland) und katholische\/evangelische Ostern findet in diesem Jahr ausnahmsweise zur gleichen Zeit statt. Aber bereits ab n\u00e4chster Woche soll es warm und griechisch werden.<\/p>\n<p>Sobald wir die Frostschutzmittel wieder einpacken k\u00f6nnen, wollen wir um die Halbinsel des Peloponnes segeln, in die Bucht von Athen und dann mal sehen. Olympia und den Kanal von Korinth haben wir auf der Liste und ein paar weitere Orte. Season 5 der Rivercafe spielt auf der griechischen Inselwelt der Antike. Wir freuen uns, wenn ihr uns dabei begleitet. \/<a href=\"\/de\/e-contact\/\">Holger Binz<\/a><\/p>\n","protected":false},"excerpt":{"rendered":"<p>F\u00fcnf Jahre auf der Rivercafe Es klingt wie die 5. Staffel einer Netflix Serie. Die werden auch nur verl\u00e4ngert, wenn es interessant war. Bisher war es f\u00fcr uns sehr interessant und scheinbar auch ok f\u00fcr unsere 30.000 Leser, [&hellip;]<\/p>\n","protected":false},"author":3,"featured_media":6851,"comment_status":"open","ping_status":"open","sticky":false,"template":"","format":"standard","meta":{"_exactmetrics_skip_tracking":false,"_exactmetrics_sitenote_active":false,"_exactmetrics_sitenote_note":"","_exactmetrics_sitenote_category":0,"site-sidebar-layout":"default","site-content-layout":"","ast-site-content-layout":"default","site-content-style":"default","site-sidebar-style":"default","ast-global-header-display":"","ast-banner-title-visibility":"","ast-main-header-display":"","ast-hfb-above-header-display":"","ast-hfb-below-header-display":"","ast-hfb-mobile-header-display":"","site-post-title":"","ast-breadcrumbs-content":"","ast-featured-img":"","footer-sml-layout":"","ast-disable-related-posts":"","theme-transparent-header-meta":"default","adv-header-id-meta":"","stick-header-meta":"default","header-above-stick-meta":"","header-main-stick-meta":"","header-below-stick-meta":"","astra-migrate-meta-layouts":"set","ast-page-background-enabled":"default","ast-page-background-meta":{"desktop":{"background-color":"","background-image":"","background-repeat":"repeat","background-position":"center center","background-size":"auto","background-attachment":"scroll","background-type":"","background-media":"","overlay-type":"","overlay-color":"","overlay-opacity":"","overlay-gradient":""},"tablet":{"background-color":"","background-image":"","background-repeat":"repeat","background-position":"center center","background-size":"auto","background-attachment":"scroll","background-type":"","background-media":"","overlay-type":"","overlay-color":"","overlay-opacity":"","overlay-gradient":""},"mobile":{"background-color":"","background-image":"","background-repeat":"repeat","background-position":"center center","background-size":"auto","background-attachment":"scroll","background-type":"","background-media":"","overlay-type":"","overlay-color":"","overlay-opacity":"","overlay-gradient":""}},"ast-content-background-meta":{"desktop":{"background-color":"var(--ast-global-color-5)","background-image":"","background-repeat":"repeat","background-position":"center center","background-size":"auto","background-attachment":"scroll","background-type":"","background-media":"","overlay-type":"","overlay-color":"","overlay-opacity":"","overlay-gradient":""},"tablet":{"background-color":"var(--ast-global-color-5)","background-image":"","background-repeat":"repeat","background-position":"center center","background-size":"auto","background-attachment":"scroll","background-type":"","background-media":"","overlay-type":"","overlay-color":"","overlay-opacity":"","overlay-gradient":""},"mobile":{"background-color":"var(--ast-global-color-5)","background-image":"","background-repeat":"repeat","background-position":"center center","background-size":"auto","background-attachment":"scroll","background-type":"","background-media":"","overlay-type":"","overlay-color":"","overlay-opacity":"","overlay-gradient":""}},"footnotes":""},"categories":[2161,3218],"tags":[1052],"class_list":["post-6834","post","type-post","status-publish","format-standard","has-post-thumbnail","hentry","category-journey","category-mittelmeer","tag-rivercafe"],"yoast_head":"<!-- This site is optimized with the Yoast SEO plugin v27.4 - https:\/\/yoast.com\/product\/yoast-seo-wordpress\/ -->\n<title>F\u00fcnf Jahre auf der Rivercafe<\/title>\n<meta name=\"description\" content=\"F\u00fcnf Jahre auf der Rivercafe. Drei Jahre Karibik und Bahamas nun geht die Reise f\u00fcr Karin und Holger Binz im Mittelmeer weiter.\" \/>\n<meta name=\"robots\" content=\"index, follow, max-snippet:-1, max-image-preview:large, max-video-preview:-1\" \/>\n<link rel=\"canonical\" href=\"https:\/\/sailrivercafe.com\/de\/five-years-at-the-rivercafe\/\" \/>\n<meta property=\"og:locale\" content=\"de_DE\" \/>\n<meta property=\"og:locale:alternate\" content=\"en_GB\" \/>\n<meta property=\"og:type\" content=\"article\" \/>\n<meta property=\"og:title\" content=\"F\u00fcnf Jahre auf der Rivercafe\" \/>\n<meta property=\"og:description\" content=\"F\u00fcnf Jahre auf der Rivercafe. Drei Jahre Karibik und Bahamas nun geht die Reise f\u00fcr Karin und Holger Binz im Mittelmeer weiter.\" \/>\n<meta property=\"og:url\" content=\"https:\/\/sailrivercafe.com\/de\/five-years-at-the-rivercafe\/\" \/>\n<meta property=\"og:site_name\" content=\"sailrivercafe.com\" \/>\n<meta property=\"article:published_time\" content=\"2025-04-09T15:06:30+00:00\" \/>\n<meta property=\"article:modified_time\" content=\"2025-05-03T05:58:54+00:00\" \/>\n<meta property=\"og:image\" content=\"https:\/\/sailrivercafe.com\/wp-content\/uploads\/2025\/04\/almost-spring.jpg\" \/>\n\t<meta property=\"og:image:width\" content=\"1024\" \/>\n\t<meta property=\"og:image:height\" content=\"768\" \/>\n\t<meta property=\"og:image:type\" content=\"image\/jpeg\" \/>\n<meta name=\"author\" content=\"Holger Binz\" \/>\n<meta name=\"twitter:card\" content=\"summary_large_image\" \/>\n<meta name=\"twitter:label1\" content=\"Verfasst von\" \/>\n\t<meta name=\"twitter:data1\" content=\"Holger Binz\" \/>\n\t<meta name=\"twitter:label2\" content=\"Gesch\u00e4tzte Lesezeit\" \/>\n\t<meta name=\"twitter:data2\" content=\"10\u00a0Minuten\" \/>\n<script type=\"application\/ld+json\" class=\"yoast-schema-graph\">{\"@context\":\"https:\\\/\\\/schema.org\",\"@graph\":[{\"@type\":\"Article\",\"@id\":\"https:\\\/\\\/sailrivercafe.com\\\/de\\\/five-years-at-the-rivercafe\\\/#article\",\"isPartOf\":{\"@id\":\"https:\\\/\\\/sailrivercafe.com\\\/de\\\/five-years-at-the-rivercafe\\\/\"},\"author\":{\"name\":\"Holger Binz\",\"@id\":\"https:\\\/\\\/sailrivercafe.com\\\/de\\\/#\\\/schema\\\/person\\\/cbc1ea74af39b02a74d3b62432a52acc\"},\"headline\":\"Season 5\",\"datePublished\":\"2025-04-09T15:06:30+00:00\",\"dateModified\":\"2025-05-03T05:58:54+00:00\",\"mainEntityOfPage\":{\"@id\":\"https:\\\/\\\/sailrivercafe.com\\\/de\\\/five-years-at-the-rivercafe\\\/\"},\"wordCount\":1925,\"commentCount\":1,\"publisher\":{\"@id\":\"https:\\\/\\\/sailrivercafe.com\\\/de\\\/#\\\/schema\\\/person\\\/2a6d915689c5e5de6db1ea302fb3d852\"},\"image\":{\"@id\":\"https:\\\/\\\/sailrivercafe.com\\\/de\\\/five-years-at-the-rivercafe\\\/#primaryimage\"},\"thumbnailUrl\":\"https:\\\/\\\/sailrivercafe.com\\\/wp-content\\\/uploads\\\/2025\\\/04\\\/almost-spring.jpg\",\"keywords\":[\"Rivercafe\"],\"articleSection\":[\"Journey\",\"Mittelmeer\"],\"inLanguage\":\"de-DE\",\"potentialAction\":[{\"@type\":\"CommentAction\",\"name\":\"Comment\",\"target\":[\"https:\\\/\\\/sailrivercafe.com\\\/de\\\/five-years-at-the-rivercafe\\\/#respond\"]}]},{\"@type\":\"WebPage\",\"@id\":\"https:\\\/\\\/sailrivercafe.com\\\/de\\\/five-years-at-the-rivercafe\\\/\",\"url\":\"https:\\\/\\\/sailrivercafe.com\\\/de\\\/five-years-at-the-rivercafe\\\/\",\"name\":\"F\u00fcnf Jahre auf der Rivercafe\",\"isPartOf\":{\"@id\":\"https:\\\/\\\/sailrivercafe.com\\\/de\\\/#website\"},\"primaryImageOfPage\":{\"@id\":\"https:\\\/\\\/sailrivercafe.com\\\/de\\\/five-years-at-the-rivercafe\\\/#primaryimage\"},\"image\":{\"@id\":\"https:\\\/\\\/sailrivercafe.com\\\/de\\\/five-years-at-the-rivercafe\\\/#primaryimage\"},\"thumbnailUrl\":\"https:\\\/\\\/sailrivercafe.com\\\/wp-content\\\/uploads\\\/2025\\\/04\\\/almost-spring.jpg\",\"datePublished\":\"2025-04-09T15:06:30+00:00\",\"dateModified\":\"2025-05-03T05:58:54+00:00\",\"description\":\"F\u00fcnf Jahre auf der Rivercafe. Drei Jahre Karibik und Bahamas nun geht die Reise f\u00fcr Karin und Holger Binz im Mittelmeer weiter.\",\"breadcrumb\":{\"@id\":\"https:\\\/\\\/sailrivercafe.com\\\/de\\\/five-years-at-the-rivercafe\\\/#breadcrumb\"},\"inLanguage\":\"de-DE\",\"potentialAction\":[{\"@type\":\"ReadAction\",\"target\":[\"https:\\\/\\\/sailrivercafe.com\\\/de\\\/five-years-at-the-rivercafe\\\/\"]}]},{\"@type\":\"ImageObject\",\"inLanguage\":\"de-DE\",\"@id\":\"https:\\\/\\\/sailrivercafe.com\\\/de\\\/five-years-at-the-rivercafe\\\/#primaryimage\",\"url\":\"https:\\\/\\\/sailrivercafe.com\\\/wp-content\\\/uploads\\\/2025\\\/04\\\/almost-spring.jpg\",\"contentUrl\":\"https:\\\/\\\/sailrivercafe.com\\\/wp-content\\\/uploads\\\/2025\\\/04\\\/almost-spring.jpg\",\"width\":1024,\"height\":768},{\"@type\":\"BreadcrumbList\",\"@id\":\"https:\\\/\\\/sailrivercafe.com\\\/de\\\/five-years-at-the-rivercafe\\\/#breadcrumb\",\"itemListElement\":[{\"@type\":\"ListItem\",\"position\":1,\"name\":\"Home\",\"item\":\"https:\\\/\\\/sailrivercafe.com\\\/de\\\/\"},{\"@type\":\"ListItem\",\"position\":2,\"name\":\"Season 5\"}]},{\"@type\":\"WebSite\",\"@id\":\"https:\\\/\\\/sailrivercafe.com\\\/de\\\/#website\",\"url\":\"https:\\\/\\\/sailrivercafe.com\\\/de\\\/\",\"name\":\"sailrivercafe.com\",\"description\":\"Sailing blog - Karin and Holger Binz sailing the Rivercafe\",\"publisher\":{\"@id\":\"https:\\\/\\\/sailrivercafe.com\\\/de\\\/#\\\/schema\\\/person\\\/2a6d915689c5e5de6db1ea302fb3d852\"},\"potentialAction\":[{\"@type\":\"SearchAction\",\"target\":{\"@type\":\"EntryPoint\",\"urlTemplate\":\"https:\\\/\\\/sailrivercafe.com\\\/de\\\/?s={search_term_string}\"},\"query-input\":{\"@type\":\"PropertyValueSpecification\",\"valueRequired\":true,\"valueName\":\"search_term_string\"}}],\"inLanguage\":\"de-DE\"},{\"@type\":[\"Person\",\"Organization\"],\"@id\":\"https:\\\/\\\/sailrivercafe.com\\\/de\\\/#\\\/schema\\\/person\\\/2a6d915689c5e5de6db1ea302fb3d852\",\"name\":\"Sailrivercafe\",\"image\":{\"@type\":\"ImageObject\",\"inLanguage\":\"de-DE\",\"@id\":\"https:\\\/\\\/sailrivercafe.com\\\/wp-content\\\/uploads\\\/2021\\\/01\\\/Logo.png\",\"url\":\"https:\\\/\\\/sailrivercafe.com\\\/wp-content\\\/uploads\\\/2021\\\/01\\\/Logo.png\",\"contentUrl\":\"https:\\\/\\\/sailrivercafe.com\\\/wp-content\\\/uploads\\\/2021\\\/01\\\/Logo.png\",\"width\":673,\"height\":276,\"caption\":\"Sailrivercafe\"},\"logo\":{\"@id\":\"https:\\\/\\\/sailrivercafe.com\\\/wp-content\\\/uploads\\\/2021\\\/01\\\/Logo.png\"}},{\"@type\":\"Person\",\"@id\":\"https:\\\/\\\/sailrivercafe.com\\\/de\\\/#\\\/schema\\\/person\\\/cbc1ea74af39b02a74d3b62432a52acc\",\"name\":\"Holger Binz\",\"image\":{\"@type\":\"ImageObject\",\"inLanguage\":\"de-DE\",\"@id\":\"https:\\\/\\\/secure.gravatar.com\\\/avatar\\\/e255393490e1ed59b31650b6bfefd04e0e616c9f6584ff783d98aea9cfc16c09?s=96&d=mm&r=g\",\"url\":\"https:\\\/\\\/secure.gravatar.com\\\/avatar\\\/e255393490e1ed59b31650b6bfefd04e0e616c9f6584ff783d98aea9cfc16c09?s=96&d=mm&r=g\",\"contentUrl\":\"https:\\\/\\\/secure.gravatar.com\\\/avatar\\\/e255393490e1ed59b31650b6bfefd04e0e616c9f6584ff783d98aea9cfc16c09?s=96&d=mm&r=g\",\"caption\":\"Holger Binz\"},\"url\":\"https:\\\/\\\/sailrivercafe.com\\\/de\\\/author\\\/hb\\\/\"}]}<\/script>\n<!-- \/ Yoast SEO plugin. -->","yoast_head_json":{"title":"F\u00fcnf Jahre auf der Rivercafe","description":"F\u00fcnf Jahre auf der Rivercafe. Drei Jahre Karibik und Bahamas nun geht die Reise f\u00fcr Karin und Holger Binz im Mittelmeer weiter.","robots":{"index":"index","follow":"follow","max-snippet":"max-snippet:-1","max-image-preview":"max-image-preview:large","max-video-preview":"max-video-preview:-1"},"canonical":"https:\/\/sailrivercafe.com\/de\/five-years-at-the-rivercafe\/","og_locale":"de_DE","og_type":"article","og_title":"[:de]F\u00fcnf Jahre auf der Rivercafe[:]","og_description":"[:de]F\u00fcnf Jahre auf der Rivercafe. Drei Jahre Karibik und Bahamas nun geht die Reise f\u00fcr Karin und Holger Binz im Mittelmeer weiter.[:en]Five years at the Rivercafe. The journey of Karin and Holger Binz continues in the Med[:]","og_url":"https:\/\/sailrivercafe.com\/de\/five-years-at-the-rivercafe\/","og_site_name":"sailrivercafe.com","article_published_time":"2025-04-09T15:06:30+00:00","article_modified_time":"2025-05-03T05:58:54+00:00","og_image":[{"width":1024,"height":768,"url":"https:\/\/sailrivercafe.com\/wp-content\/uploads\/2025\/04\/almost-spring.jpg","type":"image\/jpeg"}],"author":"Holger Binz","twitter_card":"summary_large_image","twitter_misc":{"Verfasst von":"Holger Binz","Gesch\u00e4tzte Lesezeit":"10\u00a0Minuten"},"schema":{"@context":"https:\/\/schema.org","@graph":[{"@type":"Article","@id":"https:\/\/sailrivercafe.com\/de\/five-years-at-the-rivercafe\/#article","isPartOf":{"@id":"https:\/\/sailrivercafe.com\/de\/five-years-at-the-rivercafe\/"},"author":{"name":"Holger Binz","@id":"https:\/\/sailrivercafe.com\/de\/#\/schema\/person\/cbc1ea74af39b02a74d3b62432a52acc"},"headline":"Season 5","datePublished":"2025-04-09T15:06:30+00:00","dateModified":"2025-05-03T05:58:54+00:00","mainEntityOfPage":{"@id":"https:\/\/sailrivercafe.com\/de\/five-years-at-the-rivercafe\/"},"wordCount":1925,"commentCount":1,"publisher":{"@id":"https:\/\/sailrivercafe.com\/de\/#\/schema\/person\/2a6d915689c5e5de6db1ea302fb3d852"},"image":{"@id":"https:\/\/sailrivercafe.com\/de\/five-years-at-the-rivercafe\/#primaryimage"},"thumbnailUrl":"https:\/\/sailrivercafe.com\/wp-content\/uploads\/2025\/04\/almost-spring.jpg","keywords":["Rivercafe"],"articleSection":["Journey","Mittelmeer"],"inLanguage":"de-DE","potentialAction":[{"@type":"CommentAction","name":"Comment","target":["https:\/\/sailrivercafe.com\/de\/five-years-at-the-rivercafe\/#respond"]}]},{"@type":"WebPage","@id":"https:\/\/sailrivercafe.com\/de\/five-years-at-the-rivercafe\/","url":"https:\/\/sailrivercafe.com\/de\/five-years-at-the-rivercafe\/","name":"F\u00fcnf Jahre auf der Rivercafe","isPartOf":{"@id":"https:\/\/sailrivercafe.com\/de\/#website"},"primaryImageOfPage":{"@id":"https:\/\/sailrivercafe.com\/de\/five-years-at-the-rivercafe\/#primaryimage"},"image":{"@id":"https:\/\/sailrivercafe.com\/de\/five-years-at-the-rivercafe\/#primaryimage"},"thumbnailUrl":"https:\/\/sailrivercafe.com\/wp-content\/uploads\/2025\/04\/almost-spring.jpg","datePublished":"2025-04-09T15:06:30+00:00","dateModified":"2025-05-03T05:58:54+00:00","description":"F\u00fcnf Jahre auf der Rivercafe. Drei Jahre Karibik und Bahamas nun geht die Reise f\u00fcr Karin und Holger Binz im Mittelmeer weiter.","breadcrumb":{"@id":"https:\/\/sailrivercafe.com\/de\/five-years-at-the-rivercafe\/#breadcrumb"},"inLanguage":"de-DE","potentialAction":[{"@type":"ReadAction","target":["https:\/\/sailrivercafe.com\/de\/five-years-at-the-rivercafe\/"]}]},{"@type":"ImageObject","inLanguage":"de-DE","@id":"https:\/\/sailrivercafe.com\/de\/five-years-at-the-rivercafe\/#primaryimage","url":"https:\/\/sailrivercafe.com\/wp-content\/uploads\/2025\/04\/almost-spring.jpg","contentUrl":"https:\/\/sailrivercafe.com\/wp-content\/uploads\/2025\/04\/almost-spring.jpg","width":1024,"height":768},{"@type":"BreadcrumbList","@id":"https:\/\/sailrivercafe.com\/de\/five-years-at-the-rivercafe\/#breadcrumb","itemListElement":[{"@type":"ListItem","position":1,"name":"Home","item":"https:\/\/sailrivercafe.com\/de\/"},{"@type":"ListItem","position":2,"name":"Season 5"}]},{"@type":"WebSite","@id":"https:\/\/sailrivercafe.com\/de\/#website","url":"https:\/\/sailrivercafe.com\/de\/","name":"sailrivercafe.com","description":"Sailing blog - Karin and Holger Binz sailing the Rivercafe","publisher":{"@id":"https:\/\/sailrivercafe.com\/de\/#\/schema\/person\/2a6d915689c5e5de6db1ea302fb3d852"},"potentialAction":[{"@type":"SearchAction","target":{"@type":"EntryPoint","urlTemplate":"https:\/\/sailrivercafe.com\/de\/?s={search_term_string}"},"query-input":{"@type":"PropertyValueSpecification","valueRequired":true,"valueName":"search_term_string"}}],"inLanguage":"de-DE"},{"@type":["Person","Organization"],"@id":"https:\/\/sailrivercafe.com\/de\/#\/schema\/person\/2a6d915689c5e5de6db1ea302fb3d852","name":"Sailrivercafe","image":{"@type":"ImageObject","inLanguage":"de-DE","@id":"https:\/\/sailrivercafe.com\/wp-content\/uploads\/2021\/01\/Logo.png","url":"https:\/\/sailrivercafe.com\/wp-content\/uploads\/2021\/01\/Logo.png","contentUrl":"https:\/\/sailrivercafe.com\/wp-content\/uploads\/2021\/01\/Logo.png","width":673,"height":276,"caption":"Sailrivercafe"},"logo":{"@id":"https:\/\/sailrivercafe.com\/wp-content\/uploads\/2021\/01\/Logo.png"}},{"@type":"Person","@id":"https:\/\/sailrivercafe.com\/de\/#\/schema\/person\/cbc1ea74af39b02a74d3b62432a52acc","name":"Holger Binz","image":{"@type":"ImageObject","inLanguage":"de-DE","@id":"https:\/\/secure.gravatar.com\/avatar\/e255393490e1ed59b31650b6bfefd04e0e616c9f6584ff783d98aea9cfc16c09?s=96&d=mm&r=g","url":"https:\/\/secure.gravatar.com\/avatar\/e255393490e1ed59b31650b6bfefd04e0e616c9f6584ff783d98aea9cfc16c09?s=96&d=mm&r=g","contentUrl":"https:\/\/secure.gravatar.com\/avatar\/e255393490e1ed59b31650b6bfefd04e0e616c9f6584ff783d98aea9cfc16c09?s=96&d=mm&r=g","caption":"Holger Binz"},"url":"https:\/\/sailrivercafe.com\/de\/author\/hb\/"}]}},"post_mailing_queue_ids":[],"_links":{"self":[{"href":"https:\/\/sailrivercafe.com\/de\/wp-json\/wp\/v2\/posts\/6834","targetHints":{"allow":["GET"]}}],"collection":[{"href":"https:\/\/sailrivercafe.com\/de\/wp-json\/wp\/v2\/posts"}],"about":[{"href":"https:\/\/sailrivercafe.com\/de\/wp-json\/wp\/v2\/types\/post"}],"author":[{"embeddable":true,"href":"https:\/\/sailrivercafe.com\/de\/wp-json\/wp\/v2\/users\/3"}],"replies":[{"embeddable":true,"href":"https:\/\/sailrivercafe.com\/de\/wp-json\/wp\/v2\/comments?post=6834"}],"version-history":[{"count":2,"href":"https:\/\/sailrivercafe.com\/de\/wp-json\/wp\/v2\/posts\/6834\/revisions"}],"predecessor-version":[{"id":6959,"href":"https:\/\/sailrivercafe.com\/de\/wp-json\/wp\/v2\/posts\/6834\/revisions\/6959"}],"wp:featuredmedia":[{"embeddable":true,"href":"https:\/\/sailrivercafe.com\/de\/wp-json\/wp\/v2\/media\/6851"}],"wp:attachment":[{"href":"https:\/\/sailrivercafe.com\/de\/wp-json\/wp\/v2\/media?parent=6834"}],"wp:term":[{"taxonomy":"category","embeddable":true,"href":"https:\/\/sailrivercafe.com\/de\/wp-json\/wp\/v2\/categories?post=6834"},{"taxonomy":"post_tag","embeddable":true,"href":"https:\/\/sailrivercafe.com\/de\/wp-json\/wp\/v2\/tags?post=6834"}],"curies":[{"name":"wp","href":"https:\/\/api.w.org\/{rel}","templated":true}]}}